{"id":370,"date":"2017-02-16T17:01:45","date_gmt":"2017-02-16T16:01:45","guid":{"rendered":"http:\/\/fwmt.pk.edu.pl\/?p=370"},"modified":"2024-03-20T08:53:07","modified_gmt":"2024-03-20T07:53:07","slug":"pit","status":"publish","type":"post","link":"https:\/\/fwmt.pk.edu.pl\/?p=370","title":{"rendered":"Rozlicz PIT"},"content":{"rendered":"<h3>Przeka\u017c 1,5% podatku dochodowego Fundacji Wspierania M\u0142odych Talent\u00f3w<\/h3>\n<p>\u00ad<\/p>\n<p>Podatnicy podatku dochodowego od os\u00f3b fizycznych mog\u0105 w zeznaniu rocznym pomniejszy\u0107 nale\u017cny podatek o kwot\u0119 przekazan\u0105 na rzecz organizacji po\u017cytku publicznego do wysoko\u015bci 1,5% nale\u017cnego podatku.<br \/>\nNiewa\u017cne, ile zarabiasz i jak wysoki jest Tw\u00f3j 1,5% podatku \u2013 ka\u017cda kwota mo\u017ce pom\u00f3c Fundacji Wspierania M\u0142odych Talent\u00f3w Profesora Janusza Magiery w realizowaniu statutowych cel\u00f3w.<\/p>\n<p>\u00ad<\/p>\n<p>\u00ad<\/p>\n<hr \/>\n<p>\u00ad<\/p>\n<h4 style=\"text-align: left;\">Kto ma prawo odliczy\u0107 1,5% podatku?<\/h4>\n<p>\u00ad<\/p>\n<p>Odliczenie, kt\u00f3re kieruje cz\u0119\u015b\u0107 zap\u0142aconego przez nas podatku na rzecz organizacji po\u017cytku publicznego, dotyczy wszystkich dochod\u00f3w opodatkowanych. Z takiego przekazania cz\u0119\u015bci podatku skorzysta\u0107 mog\u0105 wi\u0119c podatnicy, opodatkowani:<\/p>\n<ul>\n<li>na zasadach og\u00f3lnych, czyli na podstawie skali podatkowej (niezale\u017cnie od \u017ar\u00f3d\u0142a, np. umowy o prac\u0119, zlecenia, praw autorskich, zbycia akcji),<\/li>\n<li>rycza\u0142tem od przychod\u00f3w ewidencjonowanych<\/li>\n<li>podatnicy rozliczaj\u0105cy przychody rycza\u0142towe wskazane w ustawie o PIT \u2013 zbycie nieruchomo\u015bci, kapita\u0142y pieni\u0119\u017cne, prawa maj\u0105tkowe<\/li>\n<li>podatkiem liniowym 19% \u2013 od dzia\u0142alno\u015bci gospodarczej.<\/li>\n<\/ul>\n<h3 style=\"text-align: center;\">\u00ad<\/h3>\n<p>\u00ad<\/p>\n<h3 style=\"text-align: center;\">Jeden raz w roku sam decydujesz, komu oddasz cz\u0119\u015b\u0107 swojego podatku!<\/h3>\n<p>\u00ad<\/p>\n<h3 style=\"text-align: center;\">Dzi\u0119kujemy za 1,5% podatku!<\/h3>\n","protected":false},"excerpt":{"rendered":"<p>Przeka\u017c 1,5% podatku dochodowego Fundacji Wspierania M\u0142odych Talent\u00f3w \u00ad Podatnicy podatku dochodowego od os\u00f3b fizycznych mog\u0105 w zeznaniu rocznym pomniejszy\u0107 nale\u017cny podatek o kwot\u0119 przekazan\u0105 na rzecz organizacji po\u017cytku publicznego do wysoko\u015bci 1,5% nale\u017cnego podatku. Niewa\u017cne, ile zarabiasz i jak wysoki jest Tw\u00f3j 1,5% podatku \u2013 ka\u017cda kwota mo\u017ce pom\u00f3c Fundacji Wspierania M\u0142odych Talent\u00f3w Profesora &hellip; <a href=\"https:\/\/fwmt.pk.edu.pl\/?p=370\" class=\"more-link\">Czytaj dalej <span class=\"screen-reader-text\">Rozlicz PIT<\/span> <span class=\"meta-nav\">&rarr;<\/span><\/a><\/p>\n","protected":false},"author":1,"featured_media":0,"comment_status":"closed","ping_status":"closed","sticky":false,"template":"","format":"standard","meta":{"footnotes":""},"categories":[11],"tags":[],"class_list":["post-370","post","type-post","status-publish","format-standard","hentry","category-pit"],"_links":{"self":[{"href":"https:\/\/fwmt.pk.edu.pl\/index.php?rest_route=\/wp\/v2\/posts\/370","targetHints":{"allow":["GET"]}}],"collection":[{"href":"https:\/\/fwmt.pk.edu.pl\/index.php?rest_route=\/wp\/v2\/posts"}],"about":[{"href":"https:\/\/fwmt.pk.edu.pl\/index.php?rest_route=\/wp\/v2\/types\/post"}],"author":[{"embeddable":true,"href":"https:\/\/fwmt.pk.edu.pl\/index.php?rest_route=\/wp\/v2\/users\/1"}],"replies":[{"embeddable":true,"href":"https:\/\/fwmt.pk.edu.pl\/index.php?rest_route=%2Fwp%2Fv2%2Fcomments&post=370"}],"version-history":[{"count":45,"href":"https:\/\/fwmt.pk.edu.pl\/index.php?rest_route=\/wp\/v2\/posts\/370\/revisions"}],"predecessor-version":[{"id":1104,"href":"https:\/\/fwmt.pk.edu.pl\/index.php?rest_route=\/wp\/v2\/posts\/370\/revisions\/1104"}],"wp:attachment":[{"href":"https:\/\/fwmt.pk.edu.pl\/index.php?rest_route=%2Fwp%2Fv2%2Fmedia&parent=370"}],"wp:term":[{"taxonomy":"category","embeddable":true,"href":"https:\/\/fwmt.pk.edu.pl\/index.php?rest_route=%2Fwp%2Fv2%2Fcategories&post=370"},{"taxonomy":"post_tag","embeddable":true,"href":"https:\/\/fwmt.pk.edu.pl\/index.php?rest_route=%2Fwp%2Fv2%2Ftags&post=370"}],"curies":[{"name":"wp","href":"https:\/\/api.w.org\/{rel}","templated":true}]}}