{"id":30,"date":"2014-06-27T17:22:05","date_gmt":"2014-06-27T15:22:05","guid":{"rendered":"http:\/\/fwmt.pk.edu.pl\/?p=30"},"modified":"2024-03-20T08:53:30","modified_gmt":"2024-03-20T07:53:30","slug":"inicjatywy","status":"publish","type":"post","link":"https:\/\/fwmt.pk.edu.pl\/?p=30","title":{"rendered":"Laureaci"},"content":{"rendered":"<p>[ezcol_2third]<\/p>\n<p><strong>Laureaci konkursu Fundacji Wspierania M\u0142odych Talent\u00f3w w roku 2023:\u00a0<\/strong><\/p>\n<p>\u00ad<\/p>\n<p>\u00ad<\/p>\n<p>Nagrod\u0119\u00a0<strong>I stopnia<\/strong> otrzyma\u0142 pan <strong>in\u017c. Marcin R\u00f3\u017cycki <\/strong>absolwent studi\u00f3w I stopnia na Wydziale In\u017cynierii L\u0105dowej Politechniki Krakowskiej im. Tadeusza Ko\u015bciuszki w Krakowie.<\/p>\n<p><strong>\u00a0<\/strong><\/p>\n<p>Nagroda zosta\u0142a wr\u0119czona za ca\u0142okszta\u0142t osi\u0105gni\u0119\u0107 w zakresie technologii i budownictwa energooszcz\u0119dnego obejmuj\u0105cego materia\u0142y zmiennofazowe i geopolimerowe, bardzo aktywn\u0105 dzia\u0142alno\u015b\u0107 w ko\u0142ach naukowych, zdobyte nagrody w mi\u0119dzynarodowych zawodach \u0142odzi betonowych, wsp\u00f3\u0142autorstwo artyku\u0142\u00f3w naukowych, udzia\u0142 w kilku zagranicznych sta\u017cach naukowych.<\/p>\n<p>\u00ad<\/p>\n<p>Nagrod\u0119\u00a0<strong>II stopnia<\/strong> otrzyma\u0142a pani <strong>mgr in\u017c. Karolina Ga\u0142\u0119ziowska <\/strong>absolwentka studi\u00f3w I i II stopnia na Wydziale In\u017cynierii i Technologii Chemicznej Politechniki Krakowskiej.<\/p>\n<p><strong> \u00ad<\/strong><\/p>\n<p>Nagroda zosta\u0142a wr\u0119czona za ca\u0142okszta\u0142t osi\u0105gni\u0119\u0107 w zakresie technologii chemicznego magazynowania energii i syntezy katalizator\u00f3w z zastosowaniem druku 3D, aktywn\u0105 dzia\u0142alno\u015b\u0107 w ko\u0142ach naukowych, udzia\u0142 w konferencjach naukowych i kierownictwo grantem badawczym.<\/p>\n<p>\u00a0<\/p>\n<p>Nagrod\u0119\u00a0<strong>III stopnia<\/strong> otrzyma\u0142 pan <strong>mgr in\u017c. arch. Robert Zapa\u0142a <\/strong>absolwent studi\u00f3w\u00a0I i II stopnia na Wydziale Architektury Politechniki Krakowskiej im. Tadeusza Ko\u015bciuszki w Krakowie.<\/p>\n<p><strong>\u00a0<\/strong><\/p>\n<p>Nagroda zosta\u0142a wr\u0119czona za ca\u0142okszta\u0142t osi\u0105gni\u0119\u0107 w czasie studi\u00f3w I i II stopnia, udzia\u0142 w mi\u0119dzynarodowych grantach warsztatowych oraz konferencjach, aktywn\u0105 dzia\u0142alno\u015b\u0107 w kole naukowym,\u00a0 wsp\u00f3\u0142autorstwo publikacji naukowych oraz zrealizowanie projektu studenckiego FutureLAB PK.<\/p>\n<p>\u00a0<\/p>\n<hr \/>\n<p>\u00ad<\/p>\n<p><strong>Laureaci konkursu Fundacji Wspierania M\u0142odych Talent\u00f3w w roku 2022:<\/strong><\/p>\n<p>\u00ad<\/p>\n<p>Nagrod\u0119\u00a0<strong>I stopnia<\/strong> otrzyma\u0142 pani <strong>mgr in\u017c. Patrycja \u015aroda <\/strong>absolwentka studi\u00f3w I i II stopnia na Wydziale In\u017cynierii i Technologii Chemicznej Politechniki Krakowskiej im. Tadeusza Ko\u015bciuszki w Krakowie.<\/p>\n<p>\u00a0<\/p>\n<p>Nagroda zosta\u0142a wr\u0119czona za ca\u0142okszta\u0142t osi\u0105gni\u0119\u0107 w czasie studi\u00f3w I i II stopnia; publikacje wynik\u00f3w prowadzonych interdyscyplinarnych bada\u0144 obejmuj\u0105cych chemi\u0119 polimer\u00f3w, fotochemi\u0119, in\u017cynieri\u0119 materia\u0142ow\u0105 oraz biologi\u0119; zg\u0142oszenie patentowe; udzia\u0142 w konferencjach o zasi\u0119gu krajowym i mi\u0119dzynarodowym, a tak\u017ce zdobyte liczne nagrody i medale.<\/p>\n<p>\u00ad<\/p>\n<p>Nagrod\u0119\u00a0<strong>II stopnia<\/strong> otrzyma\u0142a pani <strong>mgr in\u017c. Agnieszka B\u0105k <\/strong>absolwentka studi\u00f3w I i II stopnia na Wydziale In\u017cynierii Materia\u0142owej i Fizyki Politechniki Krakowskiej im. Tadeusza Ko\u015bciuszki w Krakowie.<\/p>\n<p><strong> \u00ad<\/strong><\/p>\n<p>Nagroda zosta\u0142a wr\u0119czona za ca\u0142okszta\u0142t osi\u0105gni\u0119\u0107 w czasie studi\u00f3w I i II stopnia, wsp\u00f3\u0142autorstwo kilku artyku\u0142\u00f3w opublikowanych w czasopismach z listy A \u2013 MeiN oraz opracowanie funkcjonalnych spienionych kompozyt\u00f3w geopolimerowych z dodatkiem materia\u0142\u00f3w zmiennofazowych do zastosowania w budownictwie.<\/p>\n<p>\u00a0<\/p>\n<p>Nagrod\u0119\u00a0<strong>III stopnia<\/strong> otrzyma\u0142 pan <strong>mgr in\u017c. Mariusz Spyrka <\/strong>absolwent studi\u00f3w I i II stopnia na Wydziale In\u017cynierii L\u0105dowej Politechniki Krakowskiej im. Tadeusza Ko\u015bciuszki w Krakowie.<\/p>\n<p><strong>\u00a0<\/strong><\/p>\n<p>Nagroda zosta\u0142a wr\u0119czona za ca\u0142okszta\u0142t osi\u0105gni\u0119\u0107 w czasie studi\u00f3w I i II stopnia, opracowanie projektu przeprawy mostowej z powierzchni\u0105 biologicznie czynn\u0105, kilka publikacji naukowych w czasopismach z listy A \u2013 MeiN oraz uzyskane w czasie studi\u00f3w nagrody i wyr\u00f3\u017cnienia.<\/p>\n<p>\u00a0<\/p>\n<hr \/>\n<p>\u00ad<\/p>\n<p><strong>Laureaci konkursu Fundacji Wspierania M\u0142odych Talent\u00f3w w roku 2021:\u00a0<\/strong><\/p>\n<p>\u00ad<\/p>\n<p>\u00ad<\/p>\n<p>Nagrod\u0119\u00a0<strong>I stopnia<\/strong> otrzyma\u0142 pan <strong>in\u017c. arch. Szymon Tomczyk s<\/strong>tudent studi\u00f3w II stopnia na Wydziale Architektury Politechniki Krakowskiej.<\/p>\n<p><strong> \u00ad<\/strong><\/p>\n<p>Nagroda zosta\u0142a wr\u0119czona za ca\u0142okszta\u0142t osi\u0105gni\u0119\u0107 w czasie studi\u00f3w I i II stopnia na Wydziale Architektury Politechniki Krakowskiej im. Tadeusza Ko\u015bciuszki, opracowanie i komercjalizacj\u0119 autorskiej aplikacji \u201eGuider\u201d, uzyskanie nagrody g\u0142\u00f3wnej Konsula Honorowego Republiki Malty oraz udzia\u0142 w konferencji uczelnianej.<\/p>\n<p>\u00ad<\/p>\n<p>Nagrod\u0119\u00a0<strong>II stopnia<\/strong> otrzyma\u0142 pani <strong>mgr in\u017c. Magdalena Jankowska <\/strong>absolwentka studi\u00f3w II stopnia na Wydziale In\u017cynierii i Technologii Chemicznej Politechniki Krakowskiej.<\/p>\n<p><strong> \u00ad<\/strong><\/p>\n<p>Nagroda zosta\u0142a wr\u0119czona za ca\u0142okszta\u0142t osi\u0105gni\u0119\u0107 w czasie studi\u00f3w I i II stopnia na Wydziale In\u017cynierii i Technologii Chemicznej Politechniki Krakowskiej im. Tadeusza Ko\u015bciuszki, wsp\u00f3\u0142autorstwo dw\u00f3ch artyku\u0142\u00f3w opublikowanych w czasopismach z listy A \u2013 MNiSW, uzyskanie kilkunastu nagr\u00f3d i wyr\u00f3\u017cnie\u0144 w og\u00f3lnopolskich konkursach, udzia\u0142 w konferencjach krajowych i zagranicznych.<\/p>\n<p>\u00ad<\/p>\n<p>Nagrod\u0119\u00a0<strong>III stopnia<\/strong> otrzyma\u0142 pan<strong> mgr in\u017c. Mi\u0142osz Worwa<\/strong> absolwent studi\u00f3w II stopnia na Wydziale In\u017cynierii Elektrycznej i Komputerowej Politechniki Krakowskiej.<\/p>\n<p>\u00ad<\/p>\n<p>Nagroda zosta\u0142a wr\u0119czona za ca\u0142okszta\u0142t osi\u0105gni\u0119\u0107 w czasie studi\u00f3w I i II stopnia na Wydziale In\u017cynierii Elektrycznej i Komputerowej Politechniki Krakowskiej im. Tadeusza Ko\u015bciuszki, opracowanie stanowiska badawczego o du\u017cym potencjale naukowym, czynne uczestnictwo w pracach Ko\u0142a Naukowego, udzia\u0142 w finale Mistrzostw Polski Programist\u00f3w PLC oraz uko\u0144czone studia z wyr\u00f3\u017cnieniem.<\/p>\n<p>\u00ad<\/p>\n<hr \/>\n<p>\u00ad<\/p>\n<p><strong>Laureaci konkursu Fundacji Wspierania M\u0142odych Talent\u00f3w w roku 2020:\u00a0<\/strong><\/p>\n<p>\u00ad<\/p>\n<p>\u00ad<\/p>\n<p>Nagrod\u0119\u00a0<strong>I stopnia<\/strong> otrzyma\u0142a pani <strong>in\u017c. Klaudia Z\u0142otowska <\/strong>z Wydzia\u0142u In\u017cynierii i Technologii Chemicznej Politechniki Krakowskiej.<\/p>\n<p>\u00ad<\/p>\n<p>Nagroda zosta\u0142a wr\u0119czona za ca\u0142okszta\u0142t osi\u0105gni\u0119\u0107 w czasie studi\u00f3w I i II stopnia na kierunku Technologia Chemiczna na Wydziale In\u017cynierii i Technologii Chemicznej Politechniki Krakowskiej im. Tadeusza Ko\u015bciuszki, udzia\u0142 w konferencji mi\u0119dzynarodowej, wsp\u00f3\u0142autorstwo publikacji, uczestnictwo w kilku pracach badawczych oraz pracach Ko\u0142a Naukowego Chemik\u00f3w.<\/p>\n<p>\u00ad<\/p>\n<hr \/>\n<p>\u00ad<\/p>\n<p><strong>Laureaci konkursu Fundacji Wspierania M\u0142odych Talent\u00f3w w roku 2019:\u00a0<\/strong><\/p>\n<p>\u00ad<\/p>\n<p>\u00ad<\/p>\n<p>Nagrod\u0119\u00a0<strong>I stopnia<\/strong> otrzyma\u0142 pan <strong>mgr in\u017c. Maciej Pilch <\/strong>z Wydzia\u0142u In\u017cynierii i Technologii Chemicznej Politechniki Krakowskiej.<\/p>\n<p>\u00ad<\/p>\n<p>Nagroda zosta\u0142a wr\u0119czona za ca\u0142okszta\u0142t osi\u0105gni\u0119\u0107 w czasie studi\u00f3w I i II stopnia na Wydziale In\u017cynierii i Technologii Chemicznej Politechniki Krakowskiej im. Tadeusza Ko\u015bciuszki, autorstwo artyku\u0142\u00f3w opublikowanych w czasopismach z listy A \u2013 MNiSW, wyg\u0142oszone liczne referaty na konferencjach krajowych i zagranicznych, uzyskane nagrody i wyr\u00f3\u017cnienia w konkursach krajowych, zdobyte medale na wystawach mi\u0119dzynarodowych oraz zg\u0142oszony wniosek patentowy.<\/p>\n<p>\u00ad<\/p>\n<p>Nagrod\u0119\u00a0<strong>II stopnia<\/strong> otrzyma\u0142 pan <strong>mgr in\u017c. Przemys\u0142aw Woli\u0144ski <\/strong>z Wydzia\u0142u In\u017cynierii i Technologii Chemicznej Politechniki Krakowskiej.<\/p>\n<p>\u00ad<\/p>\n<p>Nagroda zosta\u0142a wr\u0119czona za ca\u0142okszta\u0142t osi\u0105gni\u0119\u0107 w czasie studi\u00f3w I i II stopnia na Wydziale In\u017cynierii i Technologii Chemicznej Politechniki Krakowskiej im. Tadeusza Ko\u015bciuszki, wsp\u00f3\u0142autorstwo artyku\u0142u opublikowanego w czasopi\u015bmie z listy A \u2013 MNiSW oraz dw\u00f3ch artyku\u0142\u00f3w z listy B \u2013 MNiSW, wyst\u0105pienia na konferencjach krajowych oraz zsyntetyzowanie nowych, wcze\u015bniej nieznanych, pochodnych izoksazoli wykazuj\u0105cych szerok\u0105 gam\u0119 aktywno\u015bci biologicznych.<\/p>\n<p>\u00ad<\/p>\n<p>\u00ad<\/p>\n<hr \/>\n<p><strong>\u00ad<\/strong><\/p>\n<p>\u00ad<\/p>\n<p><strong>Laureaci konkursu Fundacji Wspierania M\u0142odych Talent\u00f3w w roku 2018:<\/strong><\/p>\n<p>\u00ad<\/p>\n<p><span style=\"font-size: inherit;\">Nagrod\u0119 <\/span><strong style=\"font-size: inherit;\">I stopnia<\/strong><span style=\"font-size: inherit;\"> otrzyma\u0142a pani\u00a0<\/span><strong style=\"font-size: inherit;\">mgr in\u017c. Monika Topa <\/strong><span style=\"font-size: inherit;\">z Wydzia\u0142u In\u017cynierii i Technologii Chemicznej Politechniki Krakowskiej.<\/span><\/p>\n<p>\u00ad<\/p>\n<p>\u00ad<\/p>\n<p>Nagroda zosta\u0142a wr\u0119czona za ca\u0142okszta\u0142t osi\u0105gni\u0119\u0107 w czasie studi\u00f3w I i II stopnia na Wydziale In\u017cynierii i Technologii Chemicznej Politechniki Krakowskiej im. Tadeusza Ko\u015bciuszki, autorstwo artyku\u0142\u00f3w opublikowanych w czasopismach z listy A \u2013 MNiSW, wyg\u0142oszone liczne referaty na konferencjach krajowych i zagranicznych, uzyskane nagrody i wyr\u00f3\u017cnienia w konkursach krajowych, zdobyte medale na wystawach mi\u0119dzynarodowych oraz zg\u0142oszony wniosek patentowy.<\/p>\n<p>\u00ad<\/p>\n<p>Nagrod\u0119 <strong>II stopnia<\/strong> otrzyma\u0142a pani\u00a0<strong>mgr in\u017c. Katarzyna Uram\u00a0<\/strong>z Wydzia\u0142u In\u017cynierii i Technologii Chemicznej Politechniki Krakowskiej.<\/p>\n<p>\u00ad<\/p>\n<p>Nagroda zosta\u0142a wr\u0119czona za ca\u0142okszta\u0142t osi\u0105gni\u0119\u0107 w czasie studi\u00f3w I i II stopnia na Wydziale In\u017cynierii i Technologii Chemicznej Politechniki Krakowskiej im. Tadeusza Ko\u015bciuszki, autorstwo artyku\u0142u opublikowanego w czasopi\u015bmie z listy A \u2013 MNiSW, uczestnictwo w projekcie badawczym zwi\u0105zanym z opracowaniem wysokoefektywnych poliuretanowych materia\u0142\u00f3w izolacyjnych oraz\u00a0 wyg\u0142oszone referaty na konferencjach krajowych.<\/p>\n<p>\u00ad<\/p>\n<p>Wyr\u00f3\u017cnienie otrzyma\u0142a pani\u00a0<strong>in\u017c. Izabela Kici\u0144ska\u00a0<\/strong>z Wydzia\u0142u In\u017cynierii i Technologii Chemicznej Politechniki Krakowskiej.<\/p>\n<p>\u00ad<\/p>\n<p>Nagroda zosta\u0142a wr\u0119czona za ca\u0142okszta\u0142t osi\u0105gni\u0119\u0107 w czasie studi\u00f3w I stopnia na Wydziale In\u017cynierii i Technologii Chemicznej Politechniki Krakowskiej im. Tadeusza Ko\u015bciuszki, autorstwo artyku\u0142u naukowego, zaj\u0119cie I miejsca w Uczelnianej Sesji K\u00f3\u0142 Naukowych, zaanga\u017cowanie w dzia\u0142alno\u015b\u0107 organizacyjn\u0105 na szczeblu Wydzia\u0142u i Uczelni oraz bardzo dobr\u0105 znajomo\u015b\u0107 j\u0119zyka angielskiego.<\/p>\n<p>\u00ad<\/p>\n<p>\u00ad<\/p>\n<hr \/>\n<p>\u00ad<\/p>\n<p>[ezcol_2third]<\/p>\n<p><strong>Laureaci konkursu Fundacji Wspierania M\u0142odych Talent\u00f3w w roku 2017:<\/strong><\/p>\n<p>\u00ad<\/p>\n<p>Nagrod\u0119 <strong>I stopnia<\/strong> otrzyma\u0142a pani\u00a0<strong>mgr in\u017c. Karolina Mazur\u00a0<\/strong>z\u00a0Wydzia\u0142u Mechanicznego Politechniki Krakowskiej.<\/p>\n<p>\u00ad<\/p>\n<p>Nagroda zosta\u0142a wr\u0119czona za ca\u0142okszta\u0142t osi\u0105gni\u0119\u0107 w czasie studi\u00f3w I i II stopnia na Wydziale Mechanicznym Politechniki Krakowskiej im. Tadeusza Ko\u015bciuszki, wyg\u0142oszone referaty na konferencjach krajowych i zagranicznych, autorstwo publikacji naukowych i rozdzia\u0142\u00f3w w monografiach, udzia\u0142 w dw\u00f3ch projektach badawczych oraz sta\u017c naukowy na Uniwersytecie Lancaster.<\/p>\n<p>\u00ad<\/p>\n<p>Nagrod\u0119 <strong>II stopnia<\/strong> otrzyma\u0142a pani\u00a0<strong>mgr in\u017c. Magdalena Kulig\u00a0<\/strong>z\u00a0Wydzia\u0142u In\u017cynierii L\u0105dowej Politechniki\u00a0Krakowskiej.<\/p>\n<p>\u00ad<\/p>\n<p>Nagroda zosta\u0142a wr\u0119czona\u00a0za ca\u0142okszta\u0142t osi\u0105gni\u0119\u0107 w czasie studi\u00f3w I i II stopnia na Wydziale In\u017cynierii i Technologii Chemicznej Politechniki Krakowskiej im. Tadeusza Ko\u015bciuszki, wsp\u00f3\u0142autorstwo 3-ch publikacji naukowych, uczestnictwo w konferencjach naukowych o tematyce zwi\u0105zanej z materia\u0142ami kompozytowymi, udzia\u0142 w pracach naukowych dotycz\u0105cych technologii zagospodarowania odpad\u00f3w.<\/p>\n<p>\u00ad<\/p>\n<p>Nagrod\u0119 <strong>II stopnia<\/strong> otrzyma\u0142 pan\u00a0<strong>mgr in\u017c. Jakub Balicki\u00a0<\/strong>z\u00a0Wydzia\u0142u In\u017cynierii L\u0105dowej Politechniki\u00a0Krakowskiej.<\/p>\n<p>\u00ad<\/p>\n<p>Nagroda zosta\u0142a wr\u0119czona za\u00a0ca\u0142okszta\u0142t osi\u0105gni\u0119\u0107 w czasie studi\u00f3w I i II stopnia na Wydziale In\u017cynierii L\u0105dowej Politechniki Krakowskiej im. Tadeusza Ko\u015bciuszki, wsp\u00f3\u0142autorstwo publikacji naukowej w czasopi\u015bmie mi\u0119dzynarodowym, zdobycie I miejsca w Uczelnianej Studenckiej Sesji K\u00f3\u0142 Naukowych PK, czynny udzia\u0142 w Og\u00f3lnopolskiej Sesji Studenckiej, sta\u017c zagraniczny w biurze projektowym w Niemczech oraz jeden semestr studi\u00f3w w Hochschule RheinMain w Wiesbaden w ramach programu Erasmus+.<\/p>\n<p>\u00ad<\/p>\n<hr \/>\n<p>\u00ad<\/p>\n<p>[ezcol_2third]<\/p>\n<p><strong>Laureaci konkursu Fundacji Wspierania M\u0142odych Talent\u00f3w w roku 2016:<\/strong><\/p>\n<p>\u00ad<\/p>\n<p>Nagrod\u0119 <strong>I stopnia<\/strong> otrzyma\u0142 pan <strong>in\u017c. Sebastian Zaworski <\/strong>z\u00a0Wydzia\u0142u In\u017cynierii L\u0105dowej\u00a0Politechniki Krakowskiej.<\/p>\n<p>\u00ad<\/p>\n<p>Nagroda zosta\u0142a wr\u0119czona za ca\u0142okszta\u0142t osi\u0105gni\u0119\u0107 w czasie studi\u00f3w I stopnia,\u00a0aktywn\u0105 prac\u0119\u00a0w kole naukowym, udzia\u0142 w mi\u0119dzynarodowej konferencji, publikacj\u0119 w\u00a0czasopi\u015bmie technicznym, jednosemestralne studia w Uniwersytecie Technicznym\u00a0w Wiedniu,\u00a0a tak\u017ce dobr\u0105 znajomo\u015b\u0107 dw\u00f3ch j\u0119zyk\u00f3w obcych.<\/p>\n<p>\u00ad<\/p>\n<p>Nagrod\u0119 <strong>II stopnia<\/strong> otrzyma\u0142a pani <strong>mgr in\u017c. Julia Radwan &#8211; Prag\u0142owska\u00a0<\/strong>z\u00a0Wydzia\u0142u In\u017cynierii i Technologii Chemicznej Politechniki\u00a0Krakowskiej.<\/p>\n<p>\u00ad<\/p>\n<p>Nagroda zosta\u0142a wr\u0119czona za osi\u0105gni\u0119cia w okresie studi\u00f3w I i II stopnia na Wydziale In\u017cynierii i\u00a0Technologii Chemicznej Politechniki Krakowskiej im. Tadeusza Ko\u015bciuszki\u00a0uko\u0144czonych\u00a0z wyr\u00f3\u017cnieniem, zaj\u0119cie pierwszego miejsca w og\u00f3lnopolskim konkursie M\u0142odych\u00a0Wynalazc\u00f3w, wsp\u00f3\u0142autorstwo trzech artyku\u0142\u00f3w oraz zg\u0142oszenie patentowe.<\/p>\n<p>\u00ad<\/p>\n<hr \/>\n<p>[ezcol_2third]<\/p>\n<p>\u00ad<\/p>\n<p><strong>Laureaci konkursu Fundacji Wspierania M\u0142odych Talent\u00f3w w roku 2015:<\/strong><\/p>\n<p>\u00ad<\/p>\n<p>Nagrod\u0119<strong>\u00a0I stopnia<\/strong>\u00a0otrzyma\u0142 pan<strong>\u00a0<strong>in\u017c. Rafa\u0142 Sie\u0144czak\u00a0<\/strong><\/strong>z Wydzia\u0142u In\u017cynierii \u015arodowiska\u00a0Politechniki Krakowskiej.<\/p>\n<p>\u00ad<\/p>\n<p>Nagroda zosta\u0142a wr\u0119czona za ca\u0142okszta\u0142t osi\u0105gni\u0119\u0107 w czasie studi\u00f3w I stopnia na\u00a0Wydziale In\u017cynierii \u015arodowiska\u00a0Politechniki Krakowskiej, uko\u0144czonych z wyr\u00f3\u017cnieniem, roczne studia na Uniwersytecie Technicznym w Monachium, znajomo\u015b\u0107 dw\u00f3ch j\u0119zyk\u00f3w obcych.<\/p>\n<p>\u00ad<\/p>\n<p>Nagrod\u0119<strong>\u00a0II stopnia<\/strong>\u00a0otrzyma\u0142a pani<strong>\u00a0<strong>mgr in\u017c. Justyna Miodowska\u00a0<\/strong><\/strong>z Wydzia\u0142u Mechanicznego\u00a0Politechniki Krakowskiej.<\/p>\n<p>\u00ad<\/p>\n<p>Nagroda zosta\u0142a wr\u0119czona za ca\u0142okszta\u0142t osi\u0105gni\u0119\u0107 w czasie studi\u00f3w I i II stopnia na Wydziale Mechanicznym Politechniki Krakowskiej, uzyskanie dyplomu uko\u0144czenia studi\u00f3w II stopnia z wyr\u00f3\u017cnieniem,\u00a0wsp\u00f3\u0142autorstwo publikacji naukowej,\u00a0znajomo\u015b\u0107 dw\u00f3ch j\u0119zyk\u00f3w obcych.<\/p>\n<p>\u00ad<\/p>\n<p>Nagrod\u0119<strong>\u00a0III stopnia<\/strong>\u00a0otrzyma\u0142 pan<strong>\u00a0<strong>mgr in\u017c. arch. Jan Borowicz\u00a0<\/strong><\/strong>z Wydzia\u0142u Architektury Politechniki Krakowskiej.<\/p>\n<p>\u00ad<\/p>\n<p>Nagroda zosta\u0142a wr\u0119czona za ca\u0142okszta\u0142t osi\u0105gni\u0119\u0107 w czasie studi\u00f3w I i II stopnia na Wydziale Architektury Politechniki Krakowskiej, uzyskanie dyplomu uko\u0144czenia studi\u00f3w II stopnia z wyr\u00f3\u017cnieniem, udzia\u0142 w warsztatach architektonicznych w Stuttgarcie i Vancouver, wsp\u00f3\u0142autorstwo publikacji na portalu architektonicznym.<\/p>\n<p>\u00ad<\/p>\n<hr \/>\n<p>\u00ad<\/p>\n<p><strong>Laureaci konkursu Fundacji Wspierania M\u0142odych Talent\u00f3w w roku 2014:<\/strong><\/p>\n<p>\u00ad<\/p>\n<p>Nagrod\u0119<strong> II stopnia<\/strong> otrzyma\u0142a\u00a0pani<strong> in\u017c. Milena Mojecka<\/strong> z Wydzia\u0142u Architektury Politechniki Krakowskiej.<\/p>\n<p>\u00ad<\/p>\n<p>Nagroda zosta\u0142a wr\u0119czona za\u00a0osi\u0105gni\u0119cia w okresie studi\u00f3w na kierunku Architektura Krajobrazu, uko\u0144czonych z wyr\u00f3\u017cnieniem, znajomo\u015b\u0107 dw\u00f3ch j\u0119zyk\u00f3w obcych, opublikowanie artyku\u0142u naukowego oraz aktywn\u0105 dzia\u0142alno\u015b\u0107 naukow\u0105.<\/p>\n<p>\u00ad<\/p>\n<hr \/>\n<p>\u00ad<\/p>\n<p><strong>Laureaci konkursu Fundacji Wspierania M\u0142odych Talent\u00f3w w roku 2013:<\/strong><\/p>\n<p>\u00ad<\/p>\n<p>Nagrod\u0119 <strong>II stopnia<\/strong> otrzyma\u0142a\u00a0pani\u00a0<strong>mgr in\u017c. Joanna Tomankiewicz<\/strong> z\u00a0Wydzia\u0142u In\u017cynieriii Technologii Chemicznej Politechniki Krakowskiej.<\/p>\n<p>\u00ad<\/p>\n<p>Nagroda zosta\u0142a wr\u0119czona za osi\u0105gni\u0119cia w okresie studi\u00f3w I i II stopnia na Wydziale In\u017cynierii i Technologii Chemicznej Politechniki Krakowskiej, uko\u0144czonych z wyr\u00f3\u017cnieniem oraz prace nad nowatorsk\u0105 technologi\u0105 generator\u00f3w termoelektrycznych do konwersji odpadowej energii cieplnej z silnik\u00f3w spalinowych.<\/p>\n<p>\u00ad<\/p>\n<p>Nagrod\u0119\u00a0<strong>III stopnia<\/strong>\u00a0otrzyma\u0142a\u00a0pani\u00a0<strong>mgr in\u017c. Magdalena Kijania<\/strong>\u00a0z\u00a0Wydzia\u0142u In\u017cynierii L\u0105dowej Politechniki Krakowskiej.<\/p>\n<p>\u00ad<\/p>\n<p>\u00ad<\/p>\n<p>Nagroda zosta\u0142a wr\u0119czona za osi\u0105gni\u0119cia w okresie studi\u00f3w I i II stopnia na Wydziale In\u017cynierii L\u0105dowej Politechniki Krakowskiej, uko\u0144czonych z wyr\u00f3\u017cnieniem oraz prac\u0119 zwi\u0105zan\u0105 z oszcz\u0119dzaniem energii w aspekcie stosowanych materia\u0142\u00f3w budowlanych,a tak\u017ce wykorzystania kolektor\u00f3w s\u0142onecznych dla pozyskiwania czystej ekologicznie energii cieplnej.<\/p>\n<p>\u00ad<\/p>\n<p>\u00ad<\/p>\n<p>Nagrod\u0119\u00a0<strong>III stopnia<\/strong>\u00a0otrzyma\u0142a\u00a0pani\u00a0<strong>mgr in\u017c. Iga Rewers\u00a0<\/strong>z\u00a0Wydzia\u0142u In\u017cynierii L\u0105dowej Politechniki Krakowskiej.<\/p>\n<p>\u00ad<\/p>\n<p>Nagroda zosta\u0142a wr\u0119czona za osi\u0105gni\u0119cia w okresie studi\u00f3w I i II stopnia na Wydziale In\u017cynierii L\u0105dowej Politechniki Krakowskiej, uko\u0144czonych z wyr\u00f3\u017cnieniem oraz prace nad now\u0105 w Polsce technologi\u0105 tzw. dach\u00f3w zielonych, kt\u00f3ra sprzyja oszcz\u0119dzaniu energii i posiada przy tym szereg walor\u00f3w estetycznych<\/p>\n<p><strong> \u00ad<\/strong><\/p>\n<p>[\/ezcol_2third]<\/p>\n<p>[ezcol_1third_end]<\/p>\n<p style=\"text-align: center;\"><strong>Rok 2023<\/strong><\/p>\n<p>\u00ad<\/p>\n<p style=\"text-align: center;\"><a href=\"http:\/\/fwmt.pk.edu.pl\/wp-content\/uploads\/2014\/06\/53231331801_3af14be349_o.jpg\" data-rel=\"lightbox-image-0\" data-rl_title=\"\" data-rl_caption=\"\" title=\"\"><img loading=\"lazy\" decoding=\"async\" class=\"alignnone wp-image-949 size-medium\" src=\"http:\/\/fwmt.pk.edu.pl\/wp-content\/uploads\/2014\/06\/53231331801_3af14be349_o-300x200.jpg\" alt=\"\" width=\"300\" height=\"200\" srcset=\"https:\/\/fwmt.pk.edu.pl\/wp-content\/uploads\/2014\/06\/53231331801_3af14be349_o-300x200.jpg 300w, https:\/\/fwmt.pk.edu.pl\/wp-content\/uploads\/2014\/06\/53231331801_3af14be349_o-1024x682.jpg 1024w, https:\/\/fwmt.pk.edu.pl\/wp-content\/uploads\/2014\/06\/53231331801_3af14be349_o-768x512.jpg 768w, https:\/\/fwmt.pk.edu.pl\/wp-content\/uploads\/2014\/06\/53231331801_3af14be349_o-1536x1024.jpg 1536w, https:\/\/fwmt.pk.edu.pl\/wp-content\/uploads\/2014\/06\/53231331801_3af14be349_o.jpg 2000w\" sizes=\"auto, (max-width: 300px) 100vw, 300px\" \/><\/a><\/p>\n<p style=\"text-align: center;\"><a href=\"http:\/\/fwmt.pk.edu.pl\/wp-content\/uploads\/2020\/07\/Inauguracja-2020.jpg\" data-rel=\"lightbox-image-1\" data-rl_title=\"\" data-rl_caption=\"\" title=\"\">\u00ad\u00ad<\/a><a href=\"http:\/\/fwmt.pk.edu.pl\/wp-content\/uploads\/2020\/07\/Inauguracja-2020.jpg\" data-rel=\"lightbox-image-2\" data-rl_title=\"\" data-rl_caption=\"\" title=\"\">\u00ad<\/a><\/p>\n<p style=\"text-align: center;\"><a href=\"http:\/\/fwmt.pk.edu.pl\/wp-content\/uploads\/2020\/07\/Inauguracja-2020.jpg\" data-rel=\"lightbox-image-1\" data-rl_title=\"\" data-rl_caption=\"\" title=\"\">\u00ad\u00ad<\/a><a href=\"http:\/\/fwmt.pk.edu.pl\/wp-content\/uploads\/2014\/06\/53231712424_ce2a32e0b6_o.jpg\" data-rel=\"lightbox-image-4\" data-rl_title=\"\" data-rl_caption=\"\" title=\"\"><img loading=\"lazy\" decoding=\"async\" class=\"alignnone wp-image-950 size-medium\" src=\"http:\/\/fwmt.pk.edu.pl\/wp-content\/uploads\/2014\/06\/53231712424_ce2a32e0b6_o-300x200.jpg\" alt=\"\" width=\"300\" height=\"200\" srcset=\"https:\/\/fwmt.pk.edu.pl\/wp-content\/uploads\/2014\/06\/53231712424_ce2a32e0b6_o-300x200.jpg 300w, https:\/\/fwmt.pk.edu.pl\/wp-content\/uploads\/2014\/06\/53231712424_ce2a32e0b6_o-1024x682.jpg 1024w, https:\/\/fwmt.pk.edu.pl\/wp-content\/uploads\/2014\/06\/53231712424_ce2a32e0b6_o-768x512.jpg 768w, https:\/\/fwmt.pk.edu.pl\/wp-content\/uploads\/2014\/06\/53231712424_ce2a32e0b6_o-1536x1024.jpg 1536w, https:\/\/fwmt.pk.edu.pl\/wp-content\/uploads\/2014\/06\/53231712424_ce2a32e0b6_o.jpg 2000w\" sizes=\"auto, (max-width: 300px) 100vw, 300px\" \/><\/a><\/p>\n<p>\u00ad<\/p>\n<p style=\"text-align: center;\"><a href=\"http:\/\/fwmt.pk.edu.pl\/wp-content\/uploads\/2014\/06\/53231793160_9fd0653f0d_o.jpg\" data-rel=\"lightbox-image-5\" data-rl_title=\"\" data-rl_caption=\"\" title=\"\"><img loading=\"lazy\" decoding=\"async\" class=\"alignnone wp-image-948 size-medium\" src=\"http:\/\/fwmt.pk.edu.pl\/wp-content\/uploads\/2014\/06\/53231793160_9fd0653f0d_o-300x200.jpg\" alt=\"\" width=\"300\" height=\"200\" srcset=\"https:\/\/fwmt.pk.edu.pl\/wp-content\/uploads\/2014\/06\/53231793160_9fd0653f0d_o-300x200.jpg 300w, https:\/\/fwmt.pk.edu.pl\/wp-content\/uploads\/2014\/06\/53231793160_9fd0653f0d_o-1024x682.jpg 1024w, https:\/\/fwmt.pk.edu.pl\/wp-content\/uploads\/2014\/06\/53231793160_9fd0653f0d_o-768x512.jpg 768w, https:\/\/fwmt.pk.edu.pl\/wp-content\/uploads\/2014\/06\/53231793160_9fd0653f0d_o-1536x1024.jpg 1536w, https:\/\/fwmt.pk.edu.pl\/wp-content\/uploads\/2014\/06\/53231793160_9fd0653f0d_o.jpg 2000w\" sizes=\"auto, (max-width: 300px) 100vw, 300px\" \/><\/a><a href=\"http:\/\/fwmt.pk.edu.pl\/wp-content\/uploads\/2020\/07\/Inauguracja-2020.jpg\" data-rel=\"lightbox-image-1\" data-rl_title=\"\" data-rl_caption=\"\" title=\"\">\u00ad\u00ad<\/a><\/p>\n<p>\u00ad<\/p>\n<p style=\"text-align: center;\"><strong>Rok 2022<\/strong><\/p>\n<p>\u00ad<\/p>\n<p style=\"text-align: center;\"><a href=\"http:\/\/fwmt.pk.edu.pl\/wp-content\/uploads\/2014\/06\/index-1.jpg\" data-rel=\"lightbox-image-7\" data-rl_title=\"\" data-rl_caption=\"\" title=\"\"><img loading=\"lazy\" decoding=\"async\" class=\"alignnone wp-image-929 size-medium\" src=\"http:\/\/fwmt.pk.edu.pl\/wp-content\/uploads\/2014\/06\/index-1-300x200.jpg\" alt=\"\" width=\"300\" height=\"200\" srcset=\"https:\/\/fwmt.pk.edu.pl\/wp-content\/uploads\/2014\/06\/index-1-300x200.jpg 300w, https:\/\/fwmt.pk.edu.pl\/wp-content\/uploads\/2014\/06\/index-1-768x512.jpg 768w, https:\/\/fwmt.pk.edu.pl\/wp-content\/uploads\/2014\/06\/index-1.jpg 900w\" sizes=\"auto, (max-width: 300px) 100vw, 300px\" \/><\/a><\/p>\n<p style=\"text-align: center;\"><a href=\"http:\/\/fwmt.pk.edu.pl\/wp-content\/uploads\/2020\/07\/Inauguracja-2020.jpg\" data-rel=\"lightbox-image-1\" data-rl_title=\"\" data-rl_caption=\"\" title=\"\">\u00ad\u00ad<\/a><a href=\"http:\/\/fwmt.pk.edu.pl\/wp-content\/uploads\/2020\/07\/Inauguracja-2020.jpg\" data-rel=\"lightbox-image-2\" data-rl_title=\"\" data-rl_caption=\"\" title=\"\">\u00ad<\/a><\/p>\n<p style=\"text-align: center;\"><a href=\"http:\/\/fwmt.pk.edu.pl\/wp-content\/uploads\/2020\/07\/Inauguracja-2020.jpg\" data-rel=\"lightbox-image-1\" data-rl_title=\"\" data-rl_caption=\"\" title=\"\">\u00ad\u00ad<\/a><a href=\"http:\/\/fwmt.pk.edu.pl\/wp-content\/uploads\/2014\/06\/DSC_8777.jpg\" data-rel=\"lightbox-image-11\" data-rl_title=\"\" data-rl_caption=\"\" title=\"\"><img loading=\"lazy\" decoding=\"async\" class=\"alignnone wp-image-934 size-medium\" src=\"http:\/\/fwmt.pk.edu.pl\/wp-content\/uploads\/2014\/06\/DSC_8777-300x200.jpg\" alt=\"\" width=\"300\" height=\"200\" srcset=\"https:\/\/fwmt.pk.edu.pl\/wp-content\/uploads\/2014\/06\/DSC_8777-300x200.jpg 300w, https:\/\/fwmt.pk.edu.pl\/wp-content\/uploads\/2014\/06\/DSC_8777-1024x682.jpg 1024w, https:\/\/fwmt.pk.edu.pl\/wp-content\/uploads\/2014\/06\/DSC_8777-768x512.jpg 768w, https:\/\/fwmt.pk.edu.pl\/wp-content\/uploads\/2014\/06\/DSC_8777-1536x1024.jpg 1536w, https:\/\/fwmt.pk.edu.pl\/wp-content\/uploads\/2014\/06\/DSC_8777.jpg 2000w\" sizes=\"auto, (max-width: 300px) 100vw, 300px\" \/><\/a><\/p>\n<p>\u00ad<\/p>\n<p style=\"text-align: center;\"><a href=\"http:\/\/fwmt.pk.edu.pl\/wp-content\/uploads\/2014\/06\/index-3.jpg\" data-rel=\"lightbox-image-12\" data-rl_title=\"\" data-rl_caption=\"\" title=\"\"><img loading=\"lazy\" decoding=\"async\" class=\"alignnone wp-image-935 size-medium\" src=\"http:\/\/fwmt.pk.edu.pl\/wp-content\/uploads\/2014\/06\/index-3-300x200.jpg\" alt=\"\" width=\"300\" height=\"200\" srcset=\"https:\/\/fwmt.pk.edu.pl\/wp-content\/uploads\/2014\/06\/index-3-300x200.jpg 300w, https:\/\/fwmt.pk.edu.pl\/wp-content\/uploads\/2014\/06\/index-3-768x512.jpg 768w, https:\/\/fwmt.pk.edu.pl\/wp-content\/uploads\/2014\/06\/index-3.jpg 900w\" sizes=\"auto, (max-width: 300px) 100vw, 300px\" \/><\/a><a href=\"http:\/\/fwmt.pk.edu.pl\/wp-content\/uploads\/2020\/07\/Inauguracja-2020.jpg\" data-rel=\"lightbox-image-1\" data-rl_title=\"\" data-rl_caption=\"\" title=\"\">\u00ad\u00ad<\/a><\/p>\n<p>\u00ad<\/p>\n<p style=\"text-align: center;\"><strong>Rok 2021<\/strong><\/p>\n<p>\u00ad<\/p>\n<p style=\"text-align: center;\"><a href=\"http:\/\/fwmt.pk.edu.pl\/wp-content\/uploads\/2014\/06\/index.jpg\" data-rel=\"lightbox-image-14\" data-rl_title=\"\" data-rl_caption=\"\" title=\"\"><img loading=\"lazy\" decoding=\"async\" class=\"alignnone wp-image-844\" src=\"http:\/\/fwmt.pk.edu.pl\/wp-content\/uploads\/2014\/06\/index.jpg\" alt=\"\" width=\"300\" height=\"200\" \/><\/a><\/p>\n<p style=\"text-align: center;\"><a href=\"http:\/\/fwmt.pk.edu.pl\/wp-content\/uploads\/2020\/07\/Inauguracja-2020.jpg\" data-rel=\"lightbox-image-1\" data-rl_title=\"\" data-rl_caption=\"\" title=\"\">\u00ad\u00ad<\/a><\/p>\n<p style=\"text-align: center;\"><a href=\"http:\/\/fwmt.pk.edu.pl\/wp-content\/uploads\/2020\/07\/Inauguracja-2020.jpg\" data-rel=\"lightbox-image-1\" data-rl_title=\"\" data-rl_caption=\"\" title=\"\">\u00ad\u00ad<\/a><\/p>\n<p>\u00ad<\/p>\n<p style=\"text-align: center;\">\u00ad<\/p>\n<p style=\"text-align: center;\"><a href=\"http:\/\/fwmt.pk.edu.pl\/wp-content\/uploads\/2014\/06\/DSC_7573-male.jpg\" data-rel=\"lightbox-image-17\" data-rl_title=\"\" data-rl_caption=\"\" title=\"\">\u00ad\u00ad<\/a><\/p>\n<p style=\"text-align: center;\"><a href=\"http:\/\/fwmt.pk.edu.pl\/wp-content\/uploads\/2014\/06\/index-2.jpg\" data-rel=\"lightbox-image-18\" data-rl_title=\"\" data-rl_caption=\"\" title=\"\"><img loading=\"lazy\" decoding=\"async\" class=\"alignnone wp-image-843\" src=\"http:\/\/fwmt.pk.edu.pl\/wp-content\/uploads\/2014\/06\/index-2.jpg\" alt=\"\" width=\"300\" height=\"200\" \/><\/a><\/p>\n<p style=\"text-align: center;\"><a href=\"http:\/\/fwmt.pk.edu.pl\/wp-content\/uploads\/2020\/07\/Inauguracja-2020.jpg\" data-rel=\"lightbox-image-1\" data-rl_title=\"\" data-rl_caption=\"\" title=\"\">\u00ad\u00ad<\/a><\/p>\n<p>\u00ad<\/p>\n<p style=\"text-align: center;\"><strong>Rok 2020<\/strong><\/p>\n<p>\u00ad<\/p>\n<p style=\"text-align: center;\"><a href=\"http:\/\/fwmt.pk.edu.pl\/wp-content\/uploads\/2014\/06\/DSC_7640-male.jpg\" data-rel=\"lightbox-image-20\" data-rl_title=\"\" data-rl_caption=\"\" title=\"\"><img loading=\"lazy\" decoding=\"async\" class=\"alignnone wp-image-721\" src=\"http:\/\/fwmt.pk.edu.pl\/wp-content\/uploads\/2014\/06\/DSC_7640-male.jpg\" alt=\"\" width=\"300\" height=\"200\" \/><\/a><a href=\"http:\/\/fwmt.pk.edu.pl\/wp-content\/uploads\/2020\/07\/Inauguracja-2020.jpg\" data-rel=\"lightbox-image-2\" data-rl_title=\"\" data-rl_caption=\"\" title=\"\">\u00ad<\/a><\/p>\n<p style=\"text-align: center;\"><a href=\"http:\/\/fwmt.pk.edu.pl\/wp-content\/uploads\/2020\/07\/Inauguracja-2020.jpg\" data-rel=\"lightbox-image-2\" data-rl_title=\"\" data-rl_caption=\"\" title=\"\">\u00ad<\/a><\/p>\n<p style=\"text-align: center;\"><strong>Rok 2019<\/strong><\/p>\n<p style=\"text-align: center;\"><a href=\"http:\/\/fwmt.pk.edu.pl\/wp-content\/uploads\/2020\/07\/Inauguracja-2020.jpg\" data-rel=\"lightbox-image-23\" data-rl_title=\"\" data-rl_caption=\"\" title=\"\"><br \/><img loading=\"lazy\" decoding=\"async\" class=\"aligncenter wp-image-692\" src=\"http:\/\/fwmt.pk.edu.pl\/wp-content\/uploads\/2020\/07\/Inauguracja-2020.jpg\" alt=\"\" width=\"300\" height=\"174\" \/><\/a><\/p>\n<p>\u00ad<\/p>\n<p>\u00ad\u00ad<\/p>\n<p>\u00ad<\/p>\n<p>\u00ad<\/p>\n<p>\u00ad<\/p>\n<p>\u00ad<\/p>\n<p>\u00ad<\/p>\n<p>\u00ad<\/p>\n<p>\u00ad<\/p>\n<p>\u00ad<\/p>\n<p>\u00ad<\/p>\n<p>\u00ad<\/p>\n<p>\u00ad<\/p>\n<p>\u00ad<\/p>\n<p>\u00ad<\/p>\n<p style=\"text-align: center;\"><strong>Rok 2018<\/strong><\/p>\n<p>\u00ad<\/p>\n<p><a href=\"http:\/\/fwmt.pk.edu.pl\/wp-content\/uploads\/2018\/11\/Monika-Topa.jpg\" data-rel=\"lightbox-image-24\" data-rl_title=\"\" data-rl_caption=\"\" title=\"\"><img loading=\"lazy\" decoding=\"async\" class=\"alignnone size-medium wp-image-557 aligncenter\" src=\"http:\/\/fwmt.pk.edu.pl\/wp-content\/uploads\/2018\/11\/Monika-Topa-300x200.jpg\" alt=\"\" width=\"300\" height=\"200\" srcset=\"https:\/\/fwmt.pk.edu.pl\/wp-content\/uploads\/2018\/11\/Monika-Topa-300x200.jpg 300w, https:\/\/fwmt.pk.edu.pl\/wp-content\/uploads\/2018\/11\/Monika-Topa-768x511.jpg 768w, https:\/\/fwmt.pk.edu.pl\/wp-content\/uploads\/2018\/11\/Monika-Topa.jpg 900w\" sizes=\"auto, (max-width: 300px) 100vw, 300px\" \/><\/a><\/p>\n<p>\u00ad\u00ad<\/p>\n<p>\u00ad<\/p>\n<p>\u00ad<\/p>\n<p>\u00ad<\/p>\n<p style=\"text-align: center;\"><a href=\"http:\/\/fwmt.pk.edu.pl\/wp-content\/uploads\/2018\/11\/Katarzyna-Uram.jpg\" data-rel=\"lightbox-image-25\" data-rl_title=\"\" data-rl_caption=\"\" title=\"\"><img loading=\"lazy\" decoding=\"async\" class=\"alignnone size-medium wp-image-556\" src=\"http:\/\/fwmt.pk.edu.pl\/wp-content\/uploads\/2018\/11\/Katarzyna-Uram-300x200.jpg\" alt=\"\" width=\"300\" height=\"200\" srcset=\"https:\/\/fwmt.pk.edu.pl\/wp-content\/uploads\/2018\/11\/Katarzyna-Uram-300x200.jpg 300w, https:\/\/fwmt.pk.edu.pl\/wp-content\/uploads\/2018\/11\/Katarzyna-Uram-768x511.jpg 768w, https:\/\/fwmt.pk.edu.pl\/wp-content\/uploads\/2018\/11\/Katarzyna-Uram.jpg 900w\" sizes=\"auto, (max-width: 300px) 100vw, 300px\" \/><\/a><\/p>\n<p>\u00ad<\/p>\n<p>\u00ad<\/p>\n<p>\u00ad<\/p>\n<p>\u00ad\u00ad<\/p>\n<p>\u00ad<\/p>\n<p>\u00ad<\/p>\n<p>\u00ad<\/p>\n<p>\u00ad<\/p>\n<p style=\"text-align: center;\"><strong>Rok 2017<\/strong><\/p>\n<p>\u00ad<\/p>\n<p>\u00ad<\/p>\n<p style=\"text-align: center;\"><a href=\"http:\/\/fwmt.pk.edu.pl\/wp-content\/uploads\/2014\/06\/DSC_7151-Copy.jpg\" data-rel=\"lightbox-image-26\" data-rl_title=\"\" data-rl_caption=\"\" title=\"\"><img loading=\"lazy\" decoding=\"async\" class=\"size-medium wp-image-463 aligncenter\" src=\"http:\/\/fwmt.pk.edu.pl\/wp-content\/uploads\/2014\/06\/DSC_7151-Copy-300x200.jpg\" alt=\"\" width=\"300\" height=\"200\" srcset=\"https:\/\/fwmt.pk.edu.pl\/wp-content\/uploads\/2014\/06\/DSC_7151-Copy-300x200.jpg 300w, https:\/\/fwmt.pk.edu.pl\/wp-content\/uploads\/2014\/06\/DSC_7151-Copy-768x511.jpg 768w, https:\/\/fwmt.pk.edu.pl\/wp-content\/uploads\/2014\/06\/DSC_7151-Copy-1024x682.jpg 1024w, https:\/\/fwmt.pk.edu.pl\/wp-content\/uploads\/2014\/06\/DSC_7151-Copy.jpg 1971w\" sizes=\"auto, (max-width: 300px) 100vw, 300px\" \/><\/a><\/p>\n<p><a href=\"http:\/\/fwmt.pk.edu.pl\/wp-content\/uploads\/2014\/06\/DSC_7159-Copy.jpg\" data-rel=\"lightbox-image-27\" data-rl_title=\"\" data-rl_caption=\"\" title=\"\">\u00ad\u00ad<\/a><\/p>\n<p>\u00ad\u00ad<\/p>\n<p>\u00ad<\/p>\n<p><a href=\"http:\/\/fwmt.pk.edu.pl\/wp-content\/uploads\/2014\/06\/DSC_7159-Copy.jpg\" data-rel=\"lightbox-image-28\" data-rl_title=\"\" data-rl_caption=\"\" title=\"\"><img loading=\"lazy\" decoding=\"async\" class=\"size-medium wp-image-462 aligncenter\" src=\"http:\/\/fwmt.pk.edu.pl\/wp-content\/uploads\/2014\/06\/DSC_7159-Copy-300x200.jpg\" alt=\"\" width=\"300\" height=\"200\" srcset=\"https:\/\/fwmt.pk.edu.pl\/wp-content\/uploads\/2014\/06\/DSC_7159-Copy-300x200.jpg 300w, https:\/\/fwmt.pk.edu.pl\/wp-content\/uploads\/2014\/06\/DSC_7159-Copy-768x511.jpg 768w, https:\/\/fwmt.pk.edu.pl\/wp-content\/uploads\/2014\/06\/DSC_7159-Copy-1024x682.jpg 1024w, https:\/\/fwmt.pk.edu.pl\/wp-content\/uploads\/2014\/06\/DSC_7159-Copy.jpg 1971w\" sizes=\"auto, (max-width: 300px) 100vw, 300px\" \/><\/a><\/p>\n<p>\u00ad<\/p>\n<p>\u00ad<\/p>\n<p>\u00ad<\/p>\n<p>\u00ad<\/p>\n<p>\u00ad<\/p>\n<p>\u00ad<\/p>\n<p>\u00ad<\/p>\n<p style=\"text-align: center;\"><strong>Rok 2016<\/strong><\/p>\n<p><a href=\"http:\/\/fwmt.pk.edu.pl\/wp-content\/uploads\/2017\/01\/DSC_3220.jpg\" data-rel=\"lightbox-image-29\" data-rl_title=\"\" data-rl_caption=\"\" title=\"\">\u00ad<\/a><\/p>\n<p><a href=\"http:\/\/fwmt.pk.edu.pl\/wp-content\/uploads\/2017\/01\/DSC_3220.jpg\" data-rel=\"lightbox-image-30\" data-rl_title=\"\" data-rl_caption=\"\" title=\"\">\u00ad<img loading=\"lazy\" decoding=\"async\" class=\"size-medium wp-image-338 aligncenter\" src=\"http:\/\/fwmt.pk.edu.pl\/wp-content\/uploads\/2017\/01\/DSC_3220-300x200.jpg\" alt=\"\" width=\"300\" height=\"200\" srcset=\"https:\/\/fwmt.pk.edu.pl\/wp-content\/uploads\/2017\/01\/DSC_3220-300x200.jpg 300w, https:\/\/fwmt.pk.edu.pl\/wp-content\/uploads\/2017\/01\/DSC_3220-768x511.jpg 768w, https:\/\/fwmt.pk.edu.pl\/wp-content\/uploads\/2017\/01\/DSC_3220-1024x682.jpg 1024w\" sizes=\"auto, (max-width: 300px) 100vw, 300px\" \/>\u00ad<\/a><\/p>\n<p>\u00ad<\/p>\n<p>\u00ad<\/p>\n<p>\u00ad<\/p>\n<p>\u00ad<\/p>\n<p>\u00ad<\/p>\n<p>\u00ad<\/p>\n<p>\u00a0<\/p>\n<p>\u00a0<\/p>\n<p>\u00ad<\/p>\n<p style=\"text-align: center;\"><strong>Rok 2015<\/strong><\/p>\n<p style=\"text-align: center;\">\u00ad<\/p>\n<p style=\"text-align: center;\"><a href=\"http:\/\/fwmt.pk.edu.pl\/wp-content\/uploads\/2014\/06\/Nagroda-FWMT-2015.jpg\" data-rel=\"lightbox-image-31\" data-rl_title=\"\" data-rl_caption=\"\" title=\"\">\u00ad<img loading=\"lazy\" decoding=\"async\" class=\"aligncenter wp-image-234 size-medium\" src=\"http:\/\/fwmt.pk.edu.pl\/wp-content\/uploads\/2014\/06\/Nagroda-FWMT-2015-300x188.jpg\" alt=\"Nagroda FWMT 2015\" width=\"300\" height=\"188\" srcset=\"https:\/\/fwmt.pk.edu.pl\/wp-content\/uploads\/2014\/06\/Nagroda-FWMT-2015-300x188.jpg 300w, https:\/\/fwmt.pk.edu.pl\/wp-content\/uploads\/2014\/06\/Nagroda-FWMT-2015.jpg 681w\" sizes=\"auto, (max-width: 300px) 100vw, 300px\" \/><\/a><\/p>\n<p style=\"text-align: center;\"><strong>\u00ad<\/strong><\/p>\n<p>\u00ad<\/p>\n<p>\u00ad<\/p>\n<p style=\"text-align: center;\"><strong>\u00ad<\/strong><\/p>\n<p style=\"text-align: center;\"><strong>\u00ad<\/strong><\/p>\n<p>\u00ad<\/p>\n<p>\u00ad<\/p>\n<p>\u00ad<\/p>\n<p>\u00ad<\/p>\n<p><strong>\u00ad\u00ad\u00ad<\/strong><\/p>\n<p>\u00a0<\/p>\n<p>\u00a0<\/p>\n<p>\u00a0<\/p>\n<p style=\"text-align: center;\"><strong>Rok 2014<\/strong><\/p>\n<p>\u00ad<\/p>\n<p style=\"text-align: center;\"><a href=\"http:\/\/fwmt.pk.edu.pl\/wp-content\/uploads\/2015\/02\/inauguracja.jpg\" data-rel=\"lightbox-image-32\" data-rl_title=\"\" data-rl_caption=\"\" title=\"\"><img loading=\"lazy\" decoding=\"async\" class=\"size-medium wp-image-144 aligncenter\" src=\"http:\/\/fwmt.pk.edu.pl\/wp-content\/uploads\/2015\/02\/inauguracja-300x199.jpg\" alt=\"inauguracja\" width=\"300\" height=\"199\" srcset=\"https:\/\/fwmt.pk.edu.pl\/wp-content\/uploads\/2015\/02\/inauguracja-300x199.jpg 300w, https:\/\/fwmt.pk.edu.pl\/wp-content\/uploads\/2015\/02\/inauguracja.jpg 787w\" sizes=\"auto, (max-width: 300px) 100vw, 300px\" \/><\/a><\/p>\n<p style=\"text-align: center;\"><strong>\u00ad<\/strong><\/p>\n<p style=\"text-align: center;\"><strong>Rok 2013<\/strong><\/p>\n<p>\u00ad<\/p>\n<p>\u00ad\u00ad<a href=\"http:\/\/fwmt.pk.edu.pl\/wp-content\/uploads\/2014\/06\/Laureatki.jpg\" data-rel=\"lightbox-image-33\" data-rl_title=\"\" data-rl_caption=\"\" title=\"\"><img loading=\"lazy\" decoding=\"async\" class=\"aligncenter wp-image-68 size-full\" src=\"http:\/\/fwmt.pk.edu.pl\/wp-content\/uploads\/2014\/06\/Laureatki.jpg\" alt=\"Laureatki\" width=\"800\" height=\"524\" srcset=\"https:\/\/fwmt.pk.edu.pl\/wp-content\/uploads\/2014\/06\/Laureatki.jpg 800w, https:\/\/fwmt.pk.edu.pl\/wp-content\/uploads\/2014\/06\/Laureatki-300x196.jpg 300w\" sizes=\"auto, (max-width: 800px) 100vw, 800px\" \/><\/a><\/p>\n<p>\u00ad<\/p>\n<p>[\/ezcol_1third_end]<\/p>\n\n\n<p><\/p>\n\n\n\n<p><\/p>\n","protected":false},"excerpt":{"rendered":"<p>[ezcol_2third] Laureaci konkursu Fundacji Wspierania M\u0142odych Talent\u00f3w w roku 2023:\u00a0 \u00ad \u00ad Nagrod\u0119\u00a0I stopnia otrzyma\u0142 pan in\u017c. Marcin R\u00f3\u017cycki absolwent studi\u00f3w I stopnia na Wydziale In\u017cynierii L\u0105dowej Politechniki Krakowskiej im. Tadeusza Ko\u015bciuszki w Krakowie. \u00a0 Nagroda zosta\u0142a wr\u0119czona za ca\u0142okszta\u0142t osi\u0105gni\u0119\u0107 w zakresie technologii i budownictwa energooszcz\u0119dnego obejmuj\u0105cego materia\u0142y zmiennofazowe i geopolimerowe, bardzo aktywn\u0105 dzia\u0142alno\u015b\u0107 &hellip; <a href=\"https:\/\/fwmt.pk.edu.pl\/?p=30\" class=\"more-link\">Czytaj dalej <span class=\"screen-reader-text\">Laureaci<\/span> <span class=\"meta-nav\">&rarr;<\/span><\/a><\/p>\n","protected":false},"author":1,"featured_media":0,"comment_status":"closed","ping_status":"closed","sticky":false,"template":"","format":"standard","meta":{"footnotes":""},"categories":[3],"tags":[],"class_list":["post-30","post","type-post","status-publish","format-standard","hentry","category-inicjatywy"],"_links":{"self":[{"href":"https:\/\/fwmt.pk.edu.pl\/index.php?rest_route=\/wp\/v2\/posts\/30","targetHints":{"allow":["GET"]}}],"collection":[{"href":"https:\/\/fwmt.pk.edu.pl\/index.php?rest_route=\/wp\/v2\/posts"}],"about":[{"href":"https:\/\/fwmt.pk.edu.pl\/index.php?rest_route=\/wp\/v2\/types\/post"}],"author":[{"embeddable":true,"href":"https:\/\/fwmt.pk.edu.pl\/index.php?rest_route=\/wp\/v2\/users\/1"}],"replies":[{"embeddable":true,"href":"https:\/\/fwmt.pk.edu.pl\/index.php?rest_route=%2Fwp%2Fv2%2Fcomments&post=30"}],"version-history":[{"count":248,"href":"https:\/\/fwmt.pk.edu.pl\/index.php?rest_route=\/wp\/v2\/posts\/30\/revisions"}],"predecessor-version":[{"id":1148,"href":"https:\/\/fwmt.pk.edu.pl\/index.php?rest_route=\/wp\/v2\/posts\/30\/revisions\/1148"}],"wp:attachment":[{"href":"https:\/\/fwmt.pk.edu.pl\/index.php?rest_route=%2Fwp%2Fv2%2Fmedia&parent=30"}],"wp:term":[{"taxonomy":"category","embeddable":true,"href":"https:\/\/fwmt.pk.edu.pl\/index.php?rest_route=%2Fwp%2Fv2%2Fcategories&post=30"},{"taxonomy":"post_tag","embeddable":true,"href":"https:\/\/fwmt.pk.edu.pl\/index.php?rest_route=%2Fwp%2Fv2%2Ftags&post=30"}],"curies":[{"name":"wp","href":"https:\/\/api.w.org\/{rel}","templated":true}]}}