{"id":21,"date":"2014-06-27T17:13:03","date_gmt":"2014-06-27T15:13:03","guid":{"rendered":"http:\/\/fwmt.pk.edu.pl\/?p=21"},"modified":"2024-06-25T10:01:55","modified_gmt":"2024-06-25T08:01:55","slug":"o-fundacji","status":"publish","type":"post","link":"https:\/\/fwmt.pk.edu.pl\/?p=21","title":{"rendered":"O fundacji"},"content":{"rendered":"<p>[ezcol_2third]<\/p>\n<p><strong>Fundator<\/strong><\/p>\n<p>\u00ad<\/p>\n<p>Za\u0142o\u017cyciel Fundacji i jej pierwszy fundator prof. dr hab. in\u017c. Janusz Magiera jest wieloletnim pracownikiem Politechniki Krakowskiej, specjalist\u0105 w zakresie in\u017cynierii chemicznej\u00a0i procesowej. W swoim dorobku naukowym i zawodowym posiada wydane 2 monografie, ponad 120 prac naukowych opublikowanych w czasopismach krajowych i zagranicznych,\u00a011 patent\u00f3w oraz ponad 30 opracowa\u0144 dla przemys\u0142u.<\/p>\n<p>W okresie swojej pracy\u00a0w Politechnice Krakowskiej rozwin\u0105\u0142 dwa kierunki badawcze: rerafinacja olej\u00f3w przepracowanych oraz konwersja energii s\u0142onecznej do energii cieplnej. Prof. J. Magiera posiada przy tym bogaty dorobek zawodowy potwierdzony realizacjami zar\u00f3wno w kraju,\u00a0jak i za granic\u0105.<\/p>\n<p>\u00ad<\/p>\n<p><strong>Rada Fundacji<\/strong><\/p>\n<p>\u00ad<\/p>\n<p><span style=\"text-decoration: underline;\">prof. dr hab. in\u017c. Andrzej Szarata<\/span>\u2013 Przewodnicz\u0105cy, Rektor Politechniki Krakowskiej<br \/>\n<span style=\"text-decoration: underline;\">prof. dr hab. in\u017c. Kazimierz Furtak<\/span> \u2013 Cz\u0142onek Rady<br \/>\n<span style=\"text-decoration: underline;\">prof. dr hab. in\u017c. Jerzy Zaj\u0105c<\/span>\u00a0\u2013 Cz\u0142onek Rady<\/p>\n<p>\u00ad<\/p>\n<p><strong>Zarz\u0105d Fundacji<\/strong><\/p>\n<p>\u00ad<\/p>\n<p><span style=\"text-decoration: underline;\">prof. dr hab. in\u017c. Janusz Magiera<\/span> &#8211; Prezes Zarz\u0105du Fundacji, jmagiera@pk.edu.pl<br \/>\n<span style=\"text-decoration: underline;\">dr hab. in\u017c. Andrzej Laszuk, em. prof. PK<\/span> \u2013 Cz\u0142onek Zarz\u0105du Fundacji, andlaszuk@wp.pl<br \/>\n<span style=\"text-decoration: underline;\">dr hab. in\u017c. arch. Mariusz Twardowski, prof. PK<\/span> \u2013 Cz\u0142onek Zarz\u0105du Fundacji, mariusz.twardowski@pk.edu.pl<br \/>\n<span style=\"text-decoration: underline;\">dr hab. in\u017c. Ma\u0142gorzata Fedorczak-Cisak<\/span> \u2013 Cz\u0142onek Zarz\u0105du Fundacji, malgorzata.fedorczak-cisak@pk.edu.pl<br \/>\n<span style=\"text-decoration: underline;\">dr in\u017c. Sebastian Pater<\/span> \u2013 Cz\u0142onek Zarz\u0105du Fundacji, sebastian.pater@pk.edu.pl<\/p>\n<p>\u00ad<\/p>\n<p><strong>Cele i kierunki dzia\u0142ania Fundacji<\/strong><\/p>\n<p>\u00ad<\/p>\n<p>1. Wszechstronne wspieranie rozwoju intelektualnego, tw\u00f3rczego i zawodowego m\u0142odych utalentowanych os\u00f3b, kt\u00f3re wykazuj\u0105 ponadprzeci\u0119tne predyspozycje do rozwoju swojego talentu w przysz\u0142o\u015bci.<\/p>\n<p>\u00ad<\/p>\n<p>2. Prowadzenie dzia\u0142alno\u015bci wspieraj\u0105cej rozw\u00f3j techniki, wynalazczo\u015bci i innowacyjno\u015bci\u00a0oraz rozpowszechnianie i wdra\u017canie nowych rozwi\u0105za\u0144 technicznych w praktyce gospodarczej.<\/p>\n<p>\u00ad<\/p>\n<p>3. Prowadzenie dzia\u0142alno\u015bci publicznej, realizuj\u0105cej cele spo\u0142eczne i gospodarczo-u\u017cyteczne na rzecz promocji i wspierania Politechniki Krakowskiej im. Tadeusza Ko\u015bciuszki oraz innych uczelni wy\u017cszych s\u0142u\u017c\u0105cych ich rozwojowi.<\/p>\n<p>\u00ad<\/p>\n<p>4. Wspieranie wszelkich dzia\u0142a\u0144 w obszarze ochrony \u015brodowiska naturalnego,\u00a0a w szczeg\u00f3lno\u015bci w zakresie system\u00f3w oszcz\u0119dzania energii, odnawialnych \u017ar\u00f3de\u0142 energii, budownictwa pasywnego i energooszcz\u0119dnego, technologii bezodpadowych\u00a0i energooszcz\u0119dnych w przemy\u015ble.<\/p>\n<p>\u00ad<\/p>\n<p>5. Inicjowanie i promowanie dzia\u0142a\u0144 i przedsi\u0119wzi\u0119\u0107 naukowych, badawczych, o\u015bwiatowych, edukacyjnych, wydawniczych i upowszechniania kultury w\u015br\u00f3d student\u00f3w i m\u0142odzie\u017cy szkolnej.<\/p>\n<p>\u00ad<\/p>\n<p>6. Wspieranie inicjatyw, kt\u00f3rych celami statutowymi s\u0105: dzia\u0142alno\u015b\u0107 edukacyjna, naukowa, o\u015bwiatowa, kulturalna, w zakresie sportu, turystyki, ochrony \u015brodowiska, ochrony zdrowia\u00a0i \u017cycia, dobroczynno\u015bci i pomocy spo\u0142ecznej.<br \/>\n[\/ezcol_2third]<\/p>\n<p>[ezcol_1third_end]<\/p>\n<p style=\"text-align: center;\">\u00ad<\/p>\n<p style=\"text-align: center;\"><strong>Cz\u0142onkowie Rady i Zarz\u0105du Fundacji<br \/>\nw 2021 roku<\/strong><\/p>\n<p style=\"text-align: center;\">\u00ad<a href=\"http:\/\/fwmt.pk.edu.pl\/wp-content\/uploads\/2021\/06\/DSC_5676.jpg\" data-rel=\"lightbox-image-0\" data-rl_title=\"\" data-rl_caption=\"\" title=\"\"><br \/>\n<img loading=\"lazy\" decoding=\"async\" class=\"wp-image-788 aligncenter\" src=\"http:\/\/fwmt.pk.edu.pl\/wp-content\/uploads\/2021\/06\/DSC_5676.jpg\" alt=\"\" width=\"300\" height=\"200\" \/><\/a><\/p>\n<p>\u00ad<\/p>\n<p>\u00ad<\/p>\n<p style=\"text-align: center;\"><strong>Nowi i ust\u0119puj\u0105cy Cz\u0142onkowie<br \/>\nRady i Zarz\u0105du Fundacji w 2016 roku<\/strong><\/p>\n<p style=\"text-align: center;\"><strong><br \/>\n<\/strong><a href=\"http:\/\/fwmt.pk.edu.pl\/wp-content\/uploads\/2014\/06\/W\u0142adze-FWMT-male.jpg\" data-rel=\"lightbox-image-1\" data-rl_title=\"\" data-rl_caption=\"\" title=\"\"><img loading=\"lazy\" decoding=\"async\" class=\"size-medium wp-image-347 aligncenter\" src=\"http:\/\/fwmt.pk.edu.pl\/wp-content\/uploads\/2014\/06\/W\u0142adze-FWMT-male-300x199.jpg\" alt=\"\" width=\"300\" height=\"199\" srcset=\"https:\/\/fwmt.pk.edu.pl\/wp-content\/uploads\/2014\/06\/W\u0142adze-FWMT-male-300x199.jpg 300w, https:\/\/fwmt.pk.edu.pl\/wp-content\/uploads\/2014\/06\/W\u0142adze-FWMT-male.jpg 740w\" sizes=\"auto, (max-width: 300px) 100vw, 300px\" \/><\/a><\/p>\n<p>[\/ezcol_1third_end]<\/p>\n","protected":false},"excerpt":{"rendered":"<p>[ezcol_2third] Fundator \u00ad Za\u0142o\u017cyciel Fundacji i jej pierwszy fundator prof. dr hab. in\u017c. Janusz Magiera jest wieloletnim pracownikiem Politechniki Krakowskiej, specjalist\u0105 w zakresie in\u017cynierii chemicznej\u00a0i procesowej. W swoim dorobku naukowym i zawodowym posiada wydane 2 monografie, ponad 120 prac naukowych opublikowanych w czasopismach krajowych i zagranicznych,\u00a011 patent\u00f3w oraz ponad 30 opracowa\u0144 dla przemys\u0142u. W okresie &hellip; <a href=\"https:\/\/fwmt.pk.edu.pl\/?p=21\" class=\"more-link\">Czytaj dalej <span class=\"screen-reader-text\">O fundacji<\/span> <span class=\"meta-nav\">&rarr;<\/span><\/a><\/p>\n","protected":false},"author":1,"featured_media":0,"comment_status":"closed","ping_status":"closed","sticky":false,"template":"","format":"standard","meta":{"footnotes":""},"categories":[2],"tags":[],"class_list":["post-21","post","type-post","status-publish","format-standard","hentry","category-o-fundacji"],"_links":{"self":[{"href":"https:\/\/fwmt.pk.edu.pl\/index.php?rest_route=\/wp\/v2\/posts\/21","targetHints":{"allow":["GET"]}}],"collection":[{"href":"https:\/\/fwmt.pk.edu.pl\/index.php?rest_route=\/wp\/v2\/posts"}],"about":[{"href":"https:\/\/fwmt.pk.edu.pl\/index.php?rest_route=\/wp\/v2\/types\/post"}],"author":[{"embeddable":true,"href":"https:\/\/fwmt.pk.edu.pl\/index.php?rest_route=\/wp\/v2\/users\/1"}],"replies":[{"embeddable":true,"href":"https:\/\/fwmt.pk.edu.pl\/index.php?rest_route=%2Fwp%2Fv2%2Fcomments&post=21"}],"version-history":[{"count":56,"href":"https:\/\/fwmt.pk.edu.pl\/index.php?rest_route=\/wp\/v2\/posts\/21\/revisions"}],"predecessor-version":[{"id":1181,"href":"https:\/\/fwmt.pk.edu.pl\/index.php?rest_route=\/wp\/v2\/posts\/21\/revisions\/1181"}],"wp:attachment":[{"href":"https:\/\/fwmt.pk.edu.pl\/index.php?rest_route=%2Fwp%2Fv2%2Fmedia&parent=21"}],"wp:term":[{"taxonomy":"category","embeddable":true,"href":"https:\/\/fwmt.pk.edu.pl\/index.php?rest_route=%2Fwp%2Fv2%2Fcategories&post=21"},{"taxonomy":"post_tag","embeddable":true,"href":"https:\/\/fwmt.pk.edu.pl\/index.php?rest_route=%2Fwp%2Fv2%2Ftags&post=21"}],"curies":[{"name":"wp","href":"https:\/\/api.w.org\/{rel}","templated":true}]}}